{"id":3301,"date":"2024-05-07T10:12:17","date_gmt":"2024-05-07T08:12:17","guid":{"rendered":"https:\/\/poleressourceshandicap49.fr\/?p=3301"},"modified":"2024-05-07T10:24:40","modified_gmt":"2024-05-07T08:24:40","slug":"un-nouvel-outil-dinclusion","status":"publish","type":"post","link":"https:\/\/poleressourceshandicap49.fr\/index.php\/2024\/05\/07\/un-nouvel-outil-dinclusion\/","title":{"rendered":"Un nouvel outil d&rsquo;inclusion"},"content":{"rendered":"\t\t<div data-elementor-type=\"wp-post\" data-elementor-id=\"3301\" class=\"elementor elementor-3301\">\n\t\t\t\t\t\t<section class=\"elementor-section elementor-top-section elementor-element elementor-element-5897f92 elementor-section-boxed elementor-section-height-default elementor-section-height-default\" data-id=\"5897f92\" data-element_type=\"section\" data-e-type=\"section\">\n\t\t\t\t\t\t<div class=\"elementor-container elementor-column-gap-default\">\n\t\t\t\t\t<div class=\"elementor-column elementor-col-100 elementor-top-column elementor-element elementor-element-87d1ed4\" data-id=\"87d1ed4\" data-element_type=\"column\" data-e-type=\"column\">\n\t\t\t<div class=\"elementor-widget-wrap elementor-element-populated\">\n\t\t\t\t\t\t<div class=\"elementor-element elementor-element-8fc2779 elementor-widget elementor-widget-image\" data-id=\"8fc2779\" data-element_type=\"widget\" data-e-type=\"widget\" data-widget_type=\"image.default\">\n\t\t\t\t<div class=\"elementor-widget-container\">\n\t\t\t\t\t\t\t\t\t\t\t\t\t\t\t<img fetchpriority=\"high\" decoding=\"async\" width=\"490\" height=\"698\" src=\"https:\/\/poleressourceshandicap49.fr\/wp-content\/uploads\/2024\/04\/livret_accueil_enfant_PARH9.png\" class=\"attachment-large size-large wp-image-3244\" alt=\"\" srcset=\"https:\/\/poleressourceshandicap49.fr\/wp-content\/uploads\/2024\/04\/livret_accueil_enfant_PARH9.png 490w, https:\/\/poleressourceshandicap49.fr\/wp-content\/uploads\/2024\/04\/livret_accueil_enfant_PARH9-211x300.png 211w\" sizes=\"(max-width: 490px) 100vw, 490px\" \/>\t\t\t\t\t\t\t\t\t\t\t\t\t\t\t<\/div>\n\t\t\t\t<\/div>\n\t\t\t\t<div class=\"elementor-element elementor-element-002eab5 elementor-widget elementor-widget-text-editor\" data-id=\"002eab5\" data-element_type=\"widget\" data-e-type=\"widget\" data-widget_type=\"text-editor.default\">\n\t\t\t\t<div class=\"elementor-widget-container\">\n\t\t\t\t\t\t\t\t\t<p style=\"margin-bottom: 0px; font-size: 13.3333px; color: #666666; font-family: 'Open Sans', Arial, sans-serif; font-style: normal; font-weight: 400; text-align: justify;\">Le P\u00f4le d&rsquo;Appui et de Ressources Handicap de Maine-et-Loire (PARH 49), en collaboration avec l&rsquo;Adapei 49, vient de pr\u00e9senter son nouvel outil :\u00a0<span style=\"font-size: 13.3333px; font-weight: bold;\">Le livret d&rsquo;accueil des enfants aux besoins sp\u00e9cifiques.\u00a0<\/span><\/p><p style=\"margin-top: 10px; margin-bottom: 0px; font-size: 13.3333px; color: #666666; font-family: 'Open Sans', Arial, sans-serif; font-style: normal; font-weight: 400; text-align: justify;\">Ce livret a \u00e9t\u00e9 con\u00e7u par un groupe de travail de 22 professionnels de la petite enfance, de l&rsquo;enfance et de la jeunesse, travaillant en Maine-et-Loire.<\/p><p style=\"margin-top: 10px; margin-bottom: 0px; font-size: 13.3333px; color: #666666; font-family: 'Open Sans', Arial, sans-serif; font-style: normal; font-weight: 400; text-align: justify;\">L&rsquo;objectif de ce livret ? Mieux accueillir\u00a0<span style=\"font-size: 13.3333px; font-weight: bold;\">les enfants de 0 \u00e0 18 ans dans tous les lieux extra-scolaires<\/span>\u00a0(MAM, cr\u00e8che, assistant(e) maternel(le), p\u00e9riscolaire, cantine, club de sport, \u00e9cole de musiques, accueil de loisirs, etc.). Chaque tranche d&rsquo;\u00e2ge a un onglet d\u00e9di\u00e9.<\/p><p style=\"margin-top: 10px; margin-bottom: 0px; font-size: 13.3333px; color: #666666; font-family: 'Open Sans', Arial, sans-serif; font-style: normal; font-weight: 400; text-align: justify;\">\u00a0<\/p><p style=\"margin-top: 10px; margin-bottom: 0px; font-size: 13.3333px; color: #666666; font-family: 'Open Sans', Arial, sans-serif; font-style: normal; font-weight: 400; text-align: justify;\">Les familles et les professionnels peuvent le remplir ensemble.\u00a0\u00c0 partir de 7 ans, l&rsquo;enfant a aussi une page d\u00e9di\u00e9e pour s&rsquo;exprimer.\u00a0<\/p><p style=\"margin-top: 10px; margin-bottom: 0px; font-size: 13.3333px; color: #666666; font-family: 'Open Sans', Arial, sans-serif; font-style: normal; font-weight: 400; text-align: justify;\">Il est compos\u00e9 de plusieurs parties :<\/p><ul style=\"margin-top: 10px; margin-bottom: 0px; margin-left: 0px; font-size: 13.3333px; color: #666666; font-family: 'Open Sans', Arial, sans-serif; font-style: normal; font-weight: 400;\"><li style=\"margin-bottom: 7.5px; margin-left: 35px; font-size: 10pt; list-style-type: disc; line-height: 1.6em; text-align: justify;\">l&rsquo;entretien administratif<\/li><li style=\"margin-bottom: 7.5px; margin-left: 35px; font-size: 10pt; list-style-type: disc; line-height: 1.6em; text-align: justify;\">l&rsquo;entretien d&rsquo;accueil : pour conna\u00eetre tous les besoins et habitudes de l&rsquo;enfant<\/li><li style=\"margin-bottom: 7.5px; margin-left: 35px; font-size: 10pt; list-style-type: disc; line-height: 1.6em; text-align: justify;\">les observations : les professionnels pourront y noter factuellement leurs observations ainsi que les solutions envisag\u00e9es pour que l&rsquo;enfant se sente mieux.<\/li><\/ul><p style=\"margin-top: 10px; margin-bottom: 0px; font-size: 13.3333px; color: #666666; font-family: 'Open Sans', Arial, sans-serif; font-style: normal; font-weight: 400;\">Ce livret suivra l&rsquo;enfant\u00a0<span style=\"font-size: 13.3333px; font-weight: bold;\">dans tous ses lieux de vie<\/span>. Chaque intervenant et proche de l&rsquo;enfant pourra ainsi s&rsquo;aider de ce qui y est not\u00e9.<\/p><p style=\"margin-top: 10px; margin-bottom: 0px; font-size: 13.3333px; color: #666666; font-family: 'Open Sans', Arial, sans-serif; font-style: normal; font-weight: 400;\">\u00a0<\/p>\t\t\t\t\t\t\t\t<\/div>\n\t\t\t\t<\/div>\n\t\t\t\t<div class=\"elementor-element elementor-element-775e02c elementor-widget elementor-widget-image\" data-id=\"775e02c\" data-element_type=\"widget\" data-e-type=\"widget\" data-widget_type=\"image.default\">\n\t\t\t\t<div class=\"elementor-widget-container\">\n\t\t\t\t\t\t\t\t\t\t\t\t\t\t\t<img decoding=\"async\" width=\"1024\" height=\"624\" src=\"https:\/\/poleressourceshandicap49.fr\/wp-content\/uploads\/2024\/05\/P1033218-mod.jpg\" class=\"attachment-large size-large wp-image-3307\" alt=\"\" srcset=\"https:\/\/poleressourceshandicap49.fr\/wp-content\/uploads\/2024\/05\/P1033218-mod.jpg 1024w, https:\/\/poleressourceshandicap49.fr\/wp-content\/uploads\/2024\/05\/P1033218-mod-300x183.jpg 300w, https:\/\/poleressourceshandicap49.fr\/wp-content\/uploads\/2024\/05\/P1033218-mod-768x468.jpg 768w\" sizes=\"(max-width: 1024px) 100vw, 1024px\" \/>\t\t\t\t\t\t\t\t\t\t\t\t\t\t\t<\/div>\n\t\t\t\t<\/div>\n\t\t\t\t\t<\/div>\n\t\t<\/div>\n\t\t\t\t\t<\/div>\n\t\t<\/section>\n\t\t\t\t<\/div>\n\t\t","protected":false},"excerpt":{"rendered":"<p>Le livret d&rsquo;accueil des enfants \u00e0 besoins sp\u00e9cifiques est disponible !  Venez r\u00e9cup\u00e9rer le votre ! <\/p>\n","protected":false},"author":1,"featured_media":0,"comment_status":"open","ping_status":"open","sticky":false,"template":"","format":"standard","meta":{"site-sidebar-layout":"default","site-content-layout":"default","ast-main-header-display":"","ast-hfb-above-header-display":"","ast-hfb-below-header-display":"","ast-hfb-mobile-header-display":"","site-post-title":"","ast-breadcrumbs-content":"","ast-featured-img":"","footer-sml-layout":"","theme-transparent-header-meta":"","adv-header-id-meta":"","stick-header-meta":"","header-above-stick-meta":"","header-main-stick-meta":"","header-below-stick-meta":"","footnotes":""},"categories":[1],"tags":[],"class_list":["post-3301","post","type-post","status-publish","format-standard","hentry","category-non-classe"],"yoast_head":"<!-- This site is optimized with the Yoast SEO plugin v27.4 - https:\/\/yoast.com\/product\/yoast-seo-wordpress\/ -->\n<title>Un nouvel outil d&#039;inclusion - P\u00f4le d&#039;Appui et de Ressources Handicap 49<\/title>\n<meta name=\"robots\" content=\"index, follow, max-snippet:-1, max-image-preview:large, max-video-preview:-1\" \/>\n<link rel=\"canonical\" href=\"https:\/\/poleressourceshandicap49.fr\/index.php\/2024\/05\/07\/un-nouvel-outil-dinclusion\/\" \/>\n<meta property=\"og:locale\" content=\"fr_FR\" \/>\n<meta property=\"og:type\" content=\"article\" \/>\n<meta property=\"og:title\" content=\"Un nouvel outil d&#039;inclusion - P\u00f4le d&#039;Appui et de Ressources Handicap 49\" \/>\n<meta property=\"og:description\" content=\"Le livret d&#039;accueil des enfants \u00e0 besoins sp\u00e9cifiques est disponible ! Venez r\u00e9cup\u00e9rer le votre !\" \/>\n<meta property=\"og:url\" content=\"https:\/\/poleressourceshandicap49.fr\/index.php\/2024\/05\/07\/un-nouvel-outil-dinclusion\/\" \/>\n<meta property=\"og:site_name\" content=\"P\u00f4le d&#039;Appui et de Ressources Handicap 49\" \/>\n<meta property=\"article:publisher\" content=\"https:\/\/www.facebook.com\/P%c3%b4le-dAppui-et-de-Ressources-Handicap-49-108917610902286\" \/>\n<meta property=\"article:published_time\" content=\"2024-05-07T08:12:17+00:00\" \/>\n<meta property=\"article:modified_time\" content=\"2024-05-07T08:24:40+00:00\" \/>\n<meta property=\"og:image\" content=\"http:\/\/poleressourceshandicap49.fr\/wp-content\/uploads\/2024\/04\/livret_accueil_enfant_PARH9.png\" \/>\n<meta name=\"author\" content=\"Gwladys Gesret\" \/>\n<meta name=\"twitter:card\" content=\"summary_large_image\" \/>\n<meta name=\"twitter:label1\" content=\"\u00c9crit par\" \/>\n\t<meta name=\"twitter:data1\" content=\"Gwladys Gesret\" \/>\n\t<meta name=\"twitter:label2\" content=\"Dur\u00e9e de lecture estim\u00e9e\" \/>\n\t<meta name=\"twitter:data2\" content=\"2 minutes\" \/>\n<script type=\"application\/ld+json\" class=\"yoast-schema-graph\">{\"@context\":\"https:\\\/\\\/schema.org\",\"@graph\":[{\"@type\":\"Article\",\"@id\":\"https:\\\/\\\/poleressourceshandicap49.fr\\\/index.php\\\/2024\\\/05\\\/07\\\/un-nouvel-outil-dinclusion\\\/#article\",\"isPartOf\":{\"@id\":\"https:\\\/\\\/poleressourceshandicap49.fr\\\/index.php\\\/2024\\\/05\\\/07\\\/un-nouvel-outil-dinclusion\\\/\"},\"author\":{\"name\":\"Gwladys Gesret\",\"@id\":\"https:\\\/\\\/poleressourceshandicap49.fr\\\/#\\\/schema\\\/person\\\/7b06b6ff9daae39daffb518c42dd12b1\"},\"headline\":\"Un nouvel outil d&rsquo;inclusion\",\"datePublished\":\"2024-05-07T08:12:17+00:00\",\"dateModified\":\"2024-05-07T08:24:40+00:00\",\"mainEntityOfPage\":{\"@id\":\"https:\\\/\\\/poleressourceshandicap49.fr\\\/index.php\\\/2024\\\/05\\\/07\\\/un-nouvel-outil-dinclusion\\\/\"},\"wordCount\":194,\"commentCount\":0,\"publisher\":{\"@id\":\"https:\\\/\\\/poleressourceshandicap49.fr\\\/#organization\"},\"image\":{\"@id\":\"https:\\\/\\\/poleressourceshandicap49.fr\\\/index.php\\\/2024\\\/05\\\/07\\\/un-nouvel-outil-dinclusion\\\/#primaryimage\"},\"thumbnailUrl\":\"http:\\\/\\\/poleressourceshandicap49.fr\\\/wp-content\\\/uploads\\\/2024\\\/04\\\/livret_accueil_enfant_PARH9.png\",\"inLanguage\":\"fr-FR\",\"potentialAction\":[{\"@type\":\"CommentAction\",\"name\":\"Comment\",\"target\":[\"https:\\\/\\\/poleressourceshandicap49.fr\\\/index.php\\\/2024\\\/05\\\/07\\\/un-nouvel-outil-dinclusion\\\/#respond\"]}]},{\"@type\":\"WebPage\",\"@id\":\"https:\\\/\\\/poleressourceshandicap49.fr\\\/index.php\\\/2024\\\/05\\\/07\\\/un-nouvel-outil-dinclusion\\\/\",\"url\":\"https:\\\/\\\/poleressourceshandicap49.fr\\\/index.php\\\/2024\\\/05\\\/07\\\/un-nouvel-outil-dinclusion\\\/\",\"name\":\"Un nouvel outil d'inclusion - P\u00f4le d&#039;Appui et de Ressources Handicap 49\",\"isPartOf\":{\"@id\":\"https:\\\/\\\/poleressourceshandicap49.fr\\\/#website\"},\"primaryImageOfPage\":{\"@id\":\"https:\\\/\\\/poleressourceshandicap49.fr\\\/index.php\\\/2024\\\/05\\\/07\\\/un-nouvel-outil-dinclusion\\\/#primaryimage\"},\"image\":{\"@id\":\"https:\\\/\\\/poleressourceshandicap49.fr\\\/index.php\\\/2024\\\/05\\\/07\\\/un-nouvel-outil-dinclusion\\\/#primaryimage\"},\"thumbnailUrl\":\"http:\\\/\\\/poleressourceshandicap49.fr\\\/wp-content\\\/uploads\\\/2024\\\/04\\\/livret_accueil_enfant_PARH9.png\",\"datePublished\":\"2024-05-07T08:12:17+00:00\",\"dateModified\":\"2024-05-07T08:24:40+00:00\",\"breadcrumb\":{\"@id\":\"https:\\\/\\\/poleressourceshandicap49.fr\\\/index.php\\\/2024\\\/05\\\/07\\\/un-nouvel-outil-dinclusion\\\/#breadcrumb\"},\"inLanguage\":\"fr-FR\",\"potentialAction\":[{\"@type\":\"ReadAction\",\"target\":[\"https:\\\/\\\/poleressourceshandicap49.fr\\\/index.php\\\/2024\\\/05\\\/07\\\/un-nouvel-outil-dinclusion\\\/\"]}]},{\"@type\":\"ImageObject\",\"inLanguage\":\"fr-FR\",\"@id\":\"https:\\\/\\\/poleressourceshandicap49.fr\\\/index.php\\\/2024\\\/05\\\/07\\\/un-nouvel-outil-dinclusion\\\/#primaryimage\",\"url\":\"https:\\\/\\\/poleressourceshandicap49.fr\\\/wp-content\\\/uploads\\\/2024\\\/04\\\/livret_accueil_enfant_PARH9.png\",\"contentUrl\":\"https:\\\/\\\/poleressourceshandicap49.fr\\\/wp-content\\\/uploads\\\/2024\\\/04\\\/livret_accueil_enfant_PARH9.png\",\"width\":490,\"height\":698},{\"@type\":\"BreadcrumbList\",\"@id\":\"https:\\\/\\\/poleressourceshandicap49.fr\\\/index.php\\\/2024\\\/05\\\/07\\\/un-nouvel-outil-dinclusion\\\/#breadcrumb\",\"itemListElement\":[{\"@type\":\"ListItem\",\"position\":1,\"name\":\"Accueil\",\"item\":\"https:\\\/\\\/poleressourceshandicap49.fr\\\/\"},{\"@type\":\"ListItem\",\"position\":2,\"name\":\"Un nouvel outil d&rsquo;inclusion\"}]},{\"@type\":\"WebSite\",\"@id\":\"https:\\\/\\\/poleressourceshandicap49.fr\\\/#website\",\"url\":\"https:\\\/\\\/poleressourceshandicap49.fr\\\/\",\"name\":\"P\u00f4le d'Appui et de Ressources Handicap 49\",\"description\":\"Service d\u00e9di\u00e9 aux familles et aux professionnels de la petite enfance, de l animation et de clubs sportifs\",\"publisher\":{\"@id\":\"https:\\\/\\\/poleressourceshandicap49.fr\\\/#organization\"},\"potentialAction\":[{\"@type\":\"SearchAction\",\"target\":{\"@type\":\"EntryPoint\",\"urlTemplate\":\"https:\\\/\\\/poleressourceshandicap49.fr\\\/?s={search_term_string}\"},\"query-input\":{\"@type\":\"PropertyValueSpecification\",\"valueRequired\":true,\"valueName\":\"search_term_string\"}}],\"inLanguage\":\"fr-FR\"},{\"@type\":\"Organization\",\"@id\":\"https:\\\/\\\/poleressourceshandicap49.fr\\\/#organization\",\"name\":\"P\u00f4le d'Appui et de Ressources Handicap 49\",\"url\":\"https:\\\/\\\/poleressourceshandicap49.fr\\\/\",\"logo\":{\"@type\":\"ImageObject\",\"inLanguage\":\"fr-FR\",\"@id\":\"https:\\\/\\\/poleressourceshandicap49.fr\\\/#\\\/schema\\\/logo\\\/image\\\/\",\"url\":\"http:\\\/\\\/poleressourceshandicap49.fr\\\/wp-content\\\/uploads\\\/2020\\\/06\\\/Logo-Pole-dAppui-et-de-Ressources-Handicap-49-scaled-e1592996402341.jpg\",\"contentUrl\":\"http:\\\/\\\/poleressourceshandicap49.fr\\\/wp-content\\\/uploads\\\/2020\\\/06\\\/Logo-Pole-dAppui-et-de-Ressources-Handicap-49-scaled-e1592996402341.jpg\",\"width\":200,\"height\":211,\"caption\":\"P\u00f4le d'Appui et de Ressources Handicap 49\"},\"image\":{\"@id\":\"https:\\\/\\\/poleressourceshandicap49.fr\\\/#\\\/schema\\\/logo\\\/image\\\/\"},\"sameAs\":[\"https:\\\/\\\/www.facebook.com\\\/P\u00f4le-dAppui-et-de-Ressources-Handicap-49-108917610902286\",\"https:\\\/\\\/www.youtube.com\\\/channel\\\/UCM1d4YPElEjLn1TAOvP7OtA\\\/\"]},{\"@type\":\"Person\",\"@id\":\"https:\\\/\\\/poleressourceshandicap49.fr\\\/#\\\/schema\\\/person\\\/7b06b6ff9daae39daffb518c42dd12b1\",\"name\":\"Gwladys Gesret\",\"image\":{\"@type\":\"ImageObject\",\"inLanguage\":\"fr-FR\",\"@id\":\"https:\\\/\\\/secure.gravatar.com\\\/avatar\\\/731a515fb5edf685b8156bd1d8d21e1ccae3dc0af246ebbea03493b984117fec?s=96&d=mm&r=g\",\"url\":\"https:\\\/\\\/secure.gravatar.com\\\/avatar\\\/731a515fb5edf685b8156bd1d8d21e1ccae3dc0af246ebbea03493b984117fec?s=96&d=mm&r=g\",\"contentUrl\":\"https:\\\/\\\/secure.gravatar.com\\\/avatar\\\/731a515fb5edf685b8156bd1d8d21e1ccae3dc0af246ebbea03493b984117fec?s=96&d=mm&r=g\",\"caption\":\"Gwladys Gesret\"}}]}<\/script>\n<!-- \/ Yoast SEO plugin. -->","yoast_head_json":{"title":"Un nouvel outil d'inclusion - P\u00f4le d&#039;Appui et de Ressources Handicap 49","robots":{"index":"index","follow":"follow","max-snippet":"max-snippet:-1","max-image-preview":"max-image-preview:large","max-video-preview":"max-video-preview:-1"},"canonical":"https:\/\/poleressourceshandicap49.fr\/index.php\/2024\/05\/07\/un-nouvel-outil-dinclusion\/","og_locale":"fr_FR","og_type":"article","og_title":"Un nouvel outil d'inclusion - P\u00f4le d&#039;Appui et de Ressources Handicap 49","og_description":"Le livret d'accueil des enfants \u00e0 besoins sp\u00e9cifiques est disponible ! Venez r\u00e9cup\u00e9rer le votre !","og_url":"https:\/\/poleressourceshandicap49.fr\/index.php\/2024\/05\/07\/un-nouvel-outil-dinclusion\/","og_site_name":"P\u00f4le d&#039;Appui et de Ressources Handicap 49","article_publisher":"https:\/\/www.facebook.com\/P%c3%b4le-dAppui-et-de-Ressources-Handicap-49-108917610902286","article_published_time":"2024-05-07T08:12:17+00:00","article_modified_time":"2024-05-07T08:24:40+00:00","og_image":[{"url":"http:\/\/poleressourceshandicap49.fr\/wp-content\/uploads\/2024\/04\/livret_accueil_enfant_PARH9.png","type":"","width":"","height":""}],"author":"Gwladys Gesret","twitter_card":"summary_large_image","twitter_misc":{"\u00c9crit par":"Gwladys Gesret","Dur\u00e9e de lecture estim\u00e9e":"2 minutes"},"schema":{"@context":"https:\/\/schema.org","@graph":[{"@type":"Article","@id":"https:\/\/poleressourceshandicap49.fr\/index.php\/2024\/05\/07\/un-nouvel-outil-dinclusion\/#article","isPartOf":{"@id":"https:\/\/poleressourceshandicap49.fr\/index.php\/2024\/05\/07\/un-nouvel-outil-dinclusion\/"},"author":{"name":"Gwladys Gesret","@id":"https:\/\/poleressourceshandicap49.fr\/#\/schema\/person\/7b06b6ff9daae39daffb518c42dd12b1"},"headline":"Un nouvel outil d&rsquo;inclusion","datePublished":"2024-05-07T08:12:17+00:00","dateModified":"2024-05-07T08:24:40+00:00","mainEntityOfPage":{"@id":"https:\/\/poleressourceshandicap49.fr\/index.php\/2024\/05\/07\/un-nouvel-outil-dinclusion\/"},"wordCount":194,"commentCount":0,"publisher":{"@id":"https:\/\/poleressourceshandicap49.fr\/#organization"},"image":{"@id":"https:\/\/poleressourceshandicap49.fr\/index.php\/2024\/05\/07\/un-nouvel-outil-dinclusion\/#primaryimage"},"thumbnailUrl":"http:\/\/poleressourceshandicap49.fr\/wp-content\/uploads\/2024\/04\/livret_accueil_enfant_PARH9.png","inLanguage":"fr-FR","potentialAction":[{"@type":"CommentAction","name":"Comment","target":["https:\/\/poleressourceshandicap49.fr\/index.php\/2024\/05\/07\/un-nouvel-outil-dinclusion\/#respond"]}]},{"@type":"WebPage","@id":"https:\/\/poleressourceshandicap49.fr\/index.php\/2024\/05\/07\/un-nouvel-outil-dinclusion\/","url":"https:\/\/poleressourceshandicap49.fr\/index.php\/2024\/05\/07\/un-nouvel-outil-dinclusion\/","name":"Un nouvel outil d'inclusion - P\u00f4le d&#039;Appui et de Ressources Handicap 49","isPartOf":{"@id":"https:\/\/poleressourceshandicap49.fr\/#website"},"primaryImageOfPage":{"@id":"https:\/\/poleressourceshandicap49.fr\/index.php\/2024\/05\/07\/un-nouvel-outil-dinclusion\/#primaryimage"},"image":{"@id":"https:\/\/poleressourceshandicap49.fr\/index.php\/2024\/05\/07\/un-nouvel-outil-dinclusion\/#primaryimage"},"thumbnailUrl":"http:\/\/poleressourceshandicap49.fr\/wp-content\/uploads\/2024\/04\/livret_accueil_enfant_PARH9.png","datePublished":"2024-05-07T08:12:17+00:00","dateModified":"2024-05-07T08:24:40+00:00","breadcrumb":{"@id":"https:\/\/poleressourceshandicap49.fr\/index.php\/2024\/05\/07\/un-nouvel-outil-dinclusion\/#breadcrumb"},"inLanguage":"fr-FR","potentialAction":[{"@type":"ReadAction","target":["https:\/\/poleressourceshandicap49.fr\/index.php\/2024\/05\/07\/un-nouvel-outil-dinclusion\/"]}]},{"@type":"ImageObject","inLanguage":"fr-FR","@id":"https:\/\/poleressourceshandicap49.fr\/index.php\/2024\/05\/07\/un-nouvel-outil-dinclusion\/#primaryimage","url":"https:\/\/poleressourceshandicap49.fr\/wp-content\/uploads\/2024\/04\/livret_accueil_enfant_PARH9.png","contentUrl":"https:\/\/poleressourceshandicap49.fr\/wp-content\/uploads\/2024\/04\/livret_accueil_enfant_PARH9.png","width":490,"height":698},{"@type":"BreadcrumbList","@id":"https:\/\/poleressourceshandicap49.fr\/index.php\/2024\/05\/07\/un-nouvel-outil-dinclusion\/#breadcrumb","itemListElement":[{"@type":"ListItem","position":1,"name":"Accueil","item":"https:\/\/poleressourceshandicap49.fr\/"},{"@type":"ListItem","position":2,"name":"Un nouvel outil d&rsquo;inclusion"}]},{"@type":"WebSite","@id":"https:\/\/poleressourceshandicap49.fr\/#website","url":"https:\/\/poleressourceshandicap49.fr\/","name":"P\u00f4le d'Appui et de Ressources Handicap 49","description":"Service d\u00e9di\u00e9 aux familles et aux professionnels de la petite enfance, de l animation et de clubs sportifs","publisher":{"@id":"https:\/\/poleressourceshandicap49.fr\/#organization"},"potentialAction":[{"@type":"SearchAction","target":{"@type":"EntryPoint","urlTemplate":"https:\/\/poleressourceshandicap49.fr\/?s={search_term_string}"},"query-input":{"@type":"PropertyValueSpecification","valueRequired":true,"valueName":"search_term_string"}}],"inLanguage":"fr-FR"},{"@type":"Organization","@id":"https:\/\/poleressourceshandicap49.fr\/#organization","name":"P\u00f4le d'Appui et de Ressources Handicap 49","url":"https:\/\/poleressourceshandicap49.fr\/","logo":{"@type":"ImageObject","inLanguage":"fr-FR","@id":"https:\/\/poleressourceshandicap49.fr\/#\/schema\/logo\/image\/","url":"http:\/\/poleressourceshandicap49.fr\/wp-content\/uploads\/2020\/06\/Logo-Pole-dAppui-et-de-Ressources-Handicap-49-scaled-e1592996402341.jpg","contentUrl":"http:\/\/poleressourceshandicap49.fr\/wp-content\/uploads\/2020\/06\/Logo-Pole-dAppui-et-de-Ressources-Handicap-49-scaled-e1592996402341.jpg","width":200,"height":211,"caption":"P\u00f4le d'Appui et de Ressources Handicap 49"},"image":{"@id":"https:\/\/poleressourceshandicap49.fr\/#\/schema\/logo\/image\/"},"sameAs":["https:\/\/www.facebook.com\/P\u00f4le-dAppui-et-de-Ressources-Handicap-49-108917610902286","https:\/\/www.youtube.com\/channel\/UCM1d4YPElEjLn1TAOvP7OtA\/"]},{"@type":"Person","@id":"https:\/\/poleressourceshandicap49.fr\/#\/schema\/person\/7b06b6ff9daae39daffb518c42dd12b1","name":"Gwladys Gesret","image":{"@type":"ImageObject","inLanguage":"fr-FR","@id":"https:\/\/secure.gravatar.com\/avatar\/731a515fb5edf685b8156bd1d8d21e1ccae3dc0af246ebbea03493b984117fec?s=96&d=mm&r=g","url":"https:\/\/secure.gravatar.com\/avatar\/731a515fb5edf685b8156bd1d8d21e1ccae3dc0af246ebbea03493b984117fec?s=96&d=mm&r=g","contentUrl":"https:\/\/secure.gravatar.com\/avatar\/731a515fb5edf685b8156bd1d8d21e1ccae3dc0af246ebbea03493b984117fec?s=96&d=mm&r=g","caption":"Gwladys Gesret"}}]}},"_links":{"self":[{"href":"https:\/\/poleressourceshandicap49.fr\/index.php\/wp-json\/wp\/v2\/posts\/3301","targetHints":{"allow":["GET"]}}],"collection":[{"href":"https:\/\/poleressourceshandicap49.fr\/index.php\/wp-json\/wp\/v2\/posts"}],"about":[{"href":"https:\/\/poleressourceshandicap49.fr\/index.php\/wp-json\/wp\/v2\/types\/post"}],"author":[{"embeddable":true,"href":"https:\/\/poleressourceshandicap49.fr\/index.php\/wp-json\/wp\/v2\/users\/1"}],"replies":[{"embeddable":true,"href":"https:\/\/poleressourceshandicap49.fr\/index.php\/wp-json\/wp\/v2\/comments?post=3301"}],"version-history":[{"count":16,"href":"https:\/\/poleressourceshandicap49.fr\/index.php\/wp-json\/wp\/v2\/posts\/3301\/revisions"}],"predecessor-version":[{"id":3319,"href":"https:\/\/poleressourceshandicap49.fr\/index.php\/wp-json\/wp\/v2\/posts\/3301\/revisions\/3319"}],"wp:attachment":[{"href":"https:\/\/poleressourceshandicap49.fr\/index.php\/wp-json\/wp\/v2\/media?parent=3301"}],"wp:term":[{"taxonomy":"category","embeddable":true,"href":"https:\/\/poleressourceshandicap49.fr\/index.php\/wp-json\/wp\/v2\/categories?post=3301"},{"taxonomy":"post_tag","embeddable":true,"href":"https:\/\/poleressourceshandicap49.fr\/index.php\/wp-json\/wp\/v2\/tags?post=3301"}],"curies":[{"name":"wp","href":"https:\/\/api.w.org\/{rel}","templated":true}]}}